{"id":43,"date":"2010-12-19T15:24:06","date_gmt":"2010-12-19T13:24:06","guid":{"rendered":"http:\/\/www.rengarenkpastam.com\/?p=43"},"modified":"2010-12-19T15:27:06","modified_gmt":"2010-12-19T13:27:06","slug":"gofretli-cikolatali-pastam","status":"publish","type":"post","link":"https:\/\/www.rengarenkpastam.com\/index.php\/2010\/12\/19\/gofretli-cikolatali-pastam\/","title":{"rendered":"Gofretli \u00c7ikolatal\u0131 Pastam"},"content":{"rendered":"<figure style=\"width: 289px\" class=\"wp-caption aligncenter\"><a href=\"https:\/\/www.rengarenkpastam.com\/wp-content\/uploads\/2010\/12\/gofretli_cikolatali_pastam.jpg\"><img loading=\"lazy\" decoding=\"async\" src=\"https:\/\/www.rengarenkpastam.com\/wp-content\/uploads\/2010\/12\/gofretli_cikolatali_pastam.jpg\" alt=\"Gofretli \u00c7ikolatal\u0131 Pastam\" width=\"289\" height=\"230\" \/><\/a><figcaption class=\"wp-caption-text\">Gofretli \u00c7ikolatal\u0131 Pastam<\/figcaption><\/figure>\n<p><span style=\"color: #ff0000;\"><strong>Gofretli \u00c7ikolatal\u0131 Pastam<\/strong><br \/>\n<\/span>En k\u00fc\u00e7\u00fck o\u011flumun ya\u015fg\u00fcn\u00fc pastas\u0131 i\u00e7eri\u011fi; vi\u015fne, \u00e7ikolata par\u00e7alar\u0131, f\u0131nd\u0131k k\u0131r\u0131\u011f\u0131, \u00e7ikolatal\u0131 puding. Pandispanyan\u0131n tarifini daha \u00f6nceki yaz\u0131mda payla\u015fm\u0131\u015ft\u0131m. En \u00fcst\u00fcn\u00fc \u00e7ikolatal\u0131 pudingle kaplad\u0131m ve haz\u0131r gofretlerle kenarlar\u0131n\u0131 kaplad\u0131m. \u00dczerine \u015fanti ve f\u0131nd\u0131k k\u0131r\u0131klar\u0131yla s\u00fcsler yapt\u0131m ve inci boncukla s\u00fcsledim.<\/p>\n<p>Afiyet olsun. \ud83d\ude42<\/p>\n","protected":false},"excerpt":{"rendered":"<p>Gofretli \u00c7ikolatal\u0131 Pastam En k\u00fc\u00e7\u00fck o\u011flumun ya\u015fg\u00fcn\u00fc pastas\u0131 i\u00e7eri\u011fi; vi\u015fne, \u00e7ikolata par\u00e7alar\u0131, f\u0131nd\u0131k k\u0131r\u0131\u011f\u0131, \u00e7ikolatal\u0131 puding. Pandispanyan\u0131n tarifini daha \u00f6nceki yaz\u0131mda payla\u015fm\u0131\u015ft\u0131m. En \u00fcst\u00fcn\u00fc \u00e7ikolatal\u0131 pudingle kaplad\u0131m ve haz\u0131r gofretlerle kenarlar\u0131n\u0131 kaplad\u0131m. \u00dczerine \u015fanti ve f\u0131nd\u0131k k\u0131r\u0131klar\u0131yla s\u00fcsler yapt\u0131m ve inci boncukla s\u00fcsledim. Afiyet olsun. \ud83d\ude42<\/p>\n","protected":false},"author":1,"featured_media":0,"comment_status":"open","ping_status":"closed","sticky":false,"template":"","format":"standard","meta":{"footnotes":""},"categories":[9],"tags":[14,11,10,13,6,4,12,5],"class_list":["post-43","post","type-post","status-publish","format-standard","hentry","category-rengarenk-pastam-2","tag-cikolatali-pasta","tag-gofretli-cikolatali","tag-gofretli-cikolatali-pasta","tag-gofretli-pasta","tag-pasta","tag-pastam","tag-rengarenk-pasta","tag-rengarenk-pastam"],"amp_enabled":true,"_links":{"self":[{"href":"https:\/\/www.rengarenkpastam.com\/index.php\/wp-json\/wp\/v2\/posts\/43"}],"collection":[{"href":"https:\/\/www.rengarenkpastam.com\/index.php\/wp-json\/wp\/v2\/posts"}],"about":[{"href":"https:\/\/www.rengarenkpastam.com\/index.php\/wp-json\/wp\/v2\/types\/post"}],"author":[{"embeddable":true,"href":"https:\/\/www.rengarenkpastam.com\/index.php\/wp-json\/wp\/v2\/users\/1"}],"replies":[{"embeddable":true,"href":"https:\/\/www.rengarenkpastam.com\/index.php\/wp-json\/wp\/v2\/comments?post=43"}],"version-history":[{"count":0,"href":"https:\/\/www.rengarenkpastam.com\/index.php\/wp-json\/wp\/v2\/posts\/43\/revisions"}],"wp:attachment":[{"href":"https:\/\/www.rengarenkpastam.com\/index.php\/wp-json\/wp\/v2\/media?parent=43"}],"wp:term":[{"taxonomy":"category","embeddable":true,"href":"https:\/\/www.rengarenkpastam.com\/index.php\/wp-json\/wp\/v2\/categories?post=43"},{"taxonomy":"post_tag","embeddable":true,"href":"https:\/\/www.rengarenkpastam.com\/index.php\/wp-json\/wp\/v2\/tags?post=43"}],"curies":[{"name":"wp","href":"https:\/\/api.w.org\/{rel}","templated":true}]}}